{"id":15401,"date":"2022-10-27T18:11:53","date_gmt":"2022-10-27T16:11:53","guid":{"rendered":"https:\/\/esadvalencia.com\/nueva\/acte-dinici-de-curs-22-23\/"},"modified":"2023-06-30T12:25:17","modified_gmt":"2023-06-30T10:25:17","slug":"acte-dinici-de-curs-22-23","status":"publish","type":"post","link":"https:\/\/esadvalencia.com\/ca\/acte-dinici-de-curs-22-23\/","title":{"rendered":"ACTE D\u2019INICI DE CURS 22-23"},"content":{"rendered":"\n<p class=\"wp-block-paragraph\">Ahir la <strong>ESADV<\/strong> va celebrar l\u2019Acte d\u2019inici de curs 22-23 amb la lli\u00e7\u00f3 Magistral de Joan Font<br\/>\u00abLa Diversitat creativa en les Arts Esc\u00e8niques\u00bb<\/p>\n\n<p class=\"wp-block-paragraph\">Van comptar amb la pres\u00e8ncia de la directora general del <strong>ISEACV<\/strong> Inmaculada S\u00e1nchez Velasco, la directora d\u2019universitats Pilar Ezpeleta Piorno, la junta directiva de la <strong>ESADV<\/strong> encap\u00e7alada per la directora del centre Esther Alabor.<br\/>Van assitir tamb\u00e9 acompanyant al nostre claustre i alumnat, el director del <strong>CSDV<\/strong> Nacho Duato, Paco Salmer\u00f3n i el critic Jos\u00e9 Vicente Peir\u00f3.<\/p>\n\n<p class=\"wp-block-paragraph\">Abans de l\u2019acte vam tindre una xicoteta actuaci\u00f3 dels alumnes de 3\u00baB sota la direcci\u00f3 de la professora Laia LaLoret amb el titol \u201cCom expressar la poesia\u201d de Leonard Cohen.<\/p>\n\n<p class=\"wp-block-paragraph\">Un Acte ple d&#8217;experi\u00e8ncia i vida teatral.<\/p>\n\nngg_shortcode_0_placeholder\n","protected":false},"excerpt":{"rendered":"<p>Ahir la ESADV va celebrar l\u2019Acte d\u2019inici de curs 22-23 amb la lli\u00e7\u00f3 Magistral de Joan Font\u00abLa Diversitat creativa en les Arts Esc\u00e8niques\u00bb Van comptar amb la pres\u00e8ncia de la directora general del ISEACV Inmaculada S\u00e1nchez Velasco, la directora d\u2019universitats Pilar Ezpeleta Piorno, la junta directiva de la ESADV encap\u00e7alada per la directora del centre &#8230; <a title=\"ACTE D\u2019INICI DE CURS 22-23\" class=\"read-more\" href=\"https:\/\/esadvalencia.com\/ca\/acte-dinici-de-curs-22-23\/\" aria-label=\"M\u00e9s informaci\u00f3 sobre ACTE D\u2019INICI DE CURS 22-23\">Read more<\/a><\/p>\n","protected":false},"author":2,"featured_media":14717,"comment_status":"closed","ping_status":"closed","sticky":false,"template":"","format":"standard","meta":{"_acf_changed":false,"ngg_post_thumbnail":0,"slim_seo":{"title":"ACTE D\u2019INICI DE CURS 22-23 - ESAD - Escuela Superior de Arte Dram\u00e1tico de Valencia","description":"Ahir la ESADV va celebrar l\u2019Acte d\u2019inici de curs 22-23 amb la lli\u00e7\u00f3 Magistral de Joan Font \"La Diversitat creativa en les Arts Esc\u00e8niques\" Van comptar amb la pr"},"footnotes":""},"categories":[40],"tags":[],"class_list":["post-15401","post","type-post","status-publish","format-standard","has-post-thumbnail","hentry","category-noticies","generate-columns","tablet-grid-50","mobile-grid-100","grid-parent","grid-33"],"acf":[],"_links":{"self":[{"href":"https:\/\/esadvalencia.com\/ca\/wp-json\/wp\/v2\/posts\/15401","targetHints":{"allow":["GET"]}}],"collection":[{"href":"https:\/\/esadvalencia.com\/ca\/wp-json\/wp\/v2\/posts"}],"about":[{"href":"https:\/\/esadvalencia.com\/ca\/wp-json\/wp\/v2\/types\/post"}],"author":[{"embeddable":true,"href":"https:\/\/esadvalencia.com\/ca\/wp-json\/wp\/v2\/users\/2"}],"replies":[{"embeddable":true,"href":"https:\/\/esadvalencia.com\/ca\/wp-json\/wp\/v2\/comments?post=15401"}],"version-history":[{"count":2,"href":"https:\/\/esadvalencia.com\/ca\/wp-json\/wp\/v2\/posts\/15401\/revisions"}],"predecessor-version":[{"id":15412,"href":"https:\/\/esadvalencia.com\/ca\/wp-json\/wp\/v2\/posts\/15401\/revisions\/15412"}],"wp:featuredmedia":[{"embeddable":true,"href":"https:\/\/esadvalencia.com\/ca\/wp-json\/wp\/v2\/media\/14717"}],"wp:attachment":[{"href":"https:\/\/esadvalencia.com\/ca\/wp-json\/wp\/v2\/media?parent=15401"}],"wp:term":[{"taxonomy":"category","embeddable":true,"href":"https:\/\/esadvalencia.com\/ca\/wp-json\/wp\/v2\/categories?post=15401"},{"taxonomy":"post_tag","embeddable":true,"href":"https:\/\/esadvalencia.com\/ca\/wp-json\/wp\/v2\/tags?post=15401"}],"curies":[{"name":"wp","href":"https:\/\/api.w.org\/{rel}","templated":true}]}}