{"id":15426,"date":"2022-02-28T00:27:29","date_gmt":"2022-02-27T23:27:29","guid":{"rendered":"https:\/\/esadvalencia.com\/nueva\/tallers-4t-valle-inclan\/"},"modified":"2022-02-28T00:27:29","modified_gmt":"2022-02-27T23:27:29","slug":"tallers-4t-valle-inclan","status":"publish","type":"post","link":"https:\/\/esadvalencia.com\/ca\/tallers-4t-valle-inclan\/","title":{"rendered":"TALLERS 4t VALLE-INCL\u00c1N"},"content":{"rendered":"<p>Diumenge 6 de Mar\u00e7 a les 18.00h l\u2019Aula Escenari l\u2019Esad Val\u00e8ncia <\/p>\n<p>Per a obtindre les entrades prem el Link: <a href=\"https:\/\/tinyurl.com\/romancelobxs\">https:\/\/tinyurl.com\/romancelobxs<\/a><\/p>\n<p><img loading=\"lazy\" decoding=\"async\" class=\"aligncenter size-full wp-image-10845\" src=\"https:\/\/esadvalencia.com\/wp-content\/uploads\/2022\/02\/ESADV_MATER_ROMANCE_LOBXS_PROG_ROMANCE.png\" alt=\"\" width=\"2500\" height=\"3521\" srcset=\"https:\/\/esadvalencia.com\/wp-content\/uploads\/2022\/02\/ESADV_MATER_ROMANCE_LOBXS_PROG_ROMANCE.png 2500w, https:\/\/esadvalencia.com\/wp-content\/uploads\/2022\/02\/ESADV_MATER_ROMANCE_LOBXS_PROG_ROMANCE-213x300.png 213w, https:\/\/esadvalencia.com\/wp-content\/uploads\/2022\/02\/ESADV_MATER_ROMANCE_LOBXS_PROG_ROMANCE-727x1024.png 727w, https:\/\/esadvalencia.com\/wp-content\/uploads\/2022\/02\/ESADV_MATER_ROMANCE_LOBXS_PROG_ROMANCE-768x1082.png 768w, https:\/\/esadvalencia.com\/wp-content\/uploads\/2022\/02\/ESADV_MATER_ROMANCE_LOBXS_PROG_ROMANCE-1091x1536.png 1091w, https:\/\/esadvalencia.com\/wp-content\/uploads\/2022\/02\/ESADV_MATER_ROMANCE_LOBXS_PROG_ROMANCE-1454x2048.png 1454w\" sizes=\"auto, (max-width: 2500px) 100vw, 2500px\" \/><\/p>\n","protected":false},"excerpt":{"rendered":"<p>Diumenge 6 de Mar\u00e7 a les 18.00h l\u2019Aula Escenari l\u2019Esad Val\u00e8ncia Per a obtindre les entrades prem el Link: https:\/\/tinyurl.com\/romancelobxs<\/p>\n","protected":false},"author":2,"featured_media":14573,"comment_status":"closed","ping_status":"closed","sticky":false,"template":"","format":"standard","meta":{"_acf_changed":false,"ngg_post_thumbnail":0,"slim_seo":{"title":"TALLERS 4t VALLE-INCL\u00c1N - ESAD - Escuela Superior de Arte Dram\u00e1tico de Valencia","description":"Diumenge 6 de Mar\u00e7 a les 18.00h l\u2019Aula Escenari l\u2019Esad Val\u00e8ncia Per a obtindre les entrades prem el Link: https:\/\/tinyurl.com\/romancelobxs"},"footnotes":""},"categories":[40],"tags":[],"class_list":["post-15426","post","type-post","status-publish","format-standard","has-post-thumbnail","hentry","category-noticies","generate-columns","tablet-grid-50","mobile-grid-100","grid-parent","grid-33"],"acf":[],"_links":{"self":[{"href":"https:\/\/esadvalencia.com\/ca\/wp-json\/wp\/v2\/posts\/15426","targetHints":{"allow":["GET"]}}],"collection":[{"href":"https:\/\/esadvalencia.com\/ca\/wp-json\/wp\/v2\/posts"}],"about":[{"href":"https:\/\/esadvalencia.com\/ca\/wp-json\/wp\/v2\/types\/post"}],"author":[{"embeddable":true,"href":"https:\/\/esadvalencia.com\/ca\/wp-json\/wp\/v2\/users\/2"}],"replies":[{"embeddable":true,"href":"https:\/\/esadvalencia.com\/ca\/wp-json\/wp\/v2\/comments?post=15426"}],"version-history":[{"count":0,"href":"https:\/\/esadvalencia.com\/ca\/wp-json\/wp\/v2\/posts\/15426\/revisions"}],"wp:featuredmedia":[{"embeddable":true,"href":"https:\/\/esadvalencia.com\/ca\/wp-json\/wp\/v2\/media\/14573"}],"wp:attachment":[{"href":"https:\/\/esadvalencia.com\/ca\/wp-json\/wp\/v2\/media?parent=15426"}],"wp:term":[{"taxonomy":"category","embeddable":true,"href":"https:\/\/esadvalencia.com\/ca\/wp-json\/wp\/v2\/categories?post=15426"},{"taxonomy":"post_tag","embeddable":true,"href":"https:\/\/esadvalencia.com\/ca\/wp-json\/wp\/v2\/tags?post=15426"}],"curies":[{"name":"wp","href":"https:\/\/api.w.org\/{rel}","templated":true}]}}