{"id":15443,"date":"2021-10-29T08:18:43","date_gmt":"2021-10-29T06:18:43","guid":{"rendered":"https:\/\/esadvalencia.com\/nueva\/acte-dinauguracio-curs-21-22\/"},"modified":"2026-09-01T17:51:10","modified_gmt":"2026-09-01T15:51:10","slug":"acte-dinauguracio-curs-21-22","status":"publish","type":"post","link":"https:\/\/esadvalencia.com\/ca\/acte-dinauguracio-curs-21-22\/","title":{"rendered":"ACTE D\u2019INAUGURACI\u00d3 CURS 21-22"},"content":{"rendered":"\n<h2 class=\"wp-block-heading\">7 d\u2019octubre a les 13:30 a l\u2019auditori Alfons Roig BBAA UPV<\/h2>\n\n<p class=\"wp-block-paragraph\">Lli\u00e7\u00f3 Magistral a c\u00e0rrec de D. Rodolf Sirera.<\/p>\n\n<p class=\"wp-block-paragraph\">Amb la pres\u00e8ncia de la Directora general del ISEACV D\u00aa Inmaculada S\u00e1nchez, la Vicerectora d&#8217;Art, Ci\u00e8ncia, Tecnologia i Societat D\u00aa Salom\u00e9 Cuesta, l&#8217;equip directiu de la ESADV, la Directora i Cap d&#8217;estudis de la EASD D\u00aa Rosa Esteve i D\u00aa Maribel Curiel i tota la comunitat educativa i alumnat del centre.<\/p>\n\n<div class=\"gb-element-ac826dec\">\n<div><div class=\"wp-block-image\">\n<figure data-wp-context=\"{&quot;imageId&quot;:&quot;6a9d663a53f31&quot;}\" data-wp-interactive=\"core\/image\" data-wp-key=\"6a9d663a53f31\" class=\"aligncenter size-large wp-lightbox-container\"><img loading=\"lazy\" decoding=\"async\" width=\"1024\" height=\"684\" data-wp-class--hide=\"state.isContentHidden\" data-wp-class--show=\"state.isContentVisible\" data-wp-init=\"callbacks.setButtonStyles\" data-wp-on--click=\"actions.showLightbox\" data-wp-on--load=\"callbacks.setButtonStyles\" data-wp-on--pointerdown=\"actions.preloadImage\" data-wp-on--pointerenter=\"actions.preloadImageWithDelay\" data-wp-on--pointerleave=\"actions.cancelPreload\" data-wp-on-window--resize=\"callbacks.setButtonStyles\" src=\"https:\/\/esadvalencia.com\/wp-content\/uploads\/2021\/10\/acto-inaugural-2021-2022-01-1024x684.jpg\" alt=\"\" class=\"wp-image-23016\" srcset=\"https:\/\/esadvalencia.com\/wp-content\/uploads\/2021\/10\/acto-inaugural-2021-2022-01-1024x684.jpg 1024w, https:\/\/esadvalencia.com\/wp-content\/uploads\/2021\/10\/acto-inaugural-2021-2022-01-300x200.jpg 300w, https:\/\/esadvalencia.com\/wp-content\/uploads\/2021\/10\/acto-inaugural-2021-2022-01-768x513.jpg 768w, https:\/\/esadvalencia.com\/wp-content\/uploads\/2021\/10\/acto-inaugural-2021-2022-01.jpg 1200w\" sizes=\"auto, (max-width: 1024px) 100vw, 1024px\" \/><button\n\t\t\tclass=\"lightbox-trigger\"\n\t\t\ttype=\"button\"\n\t\t\taria-haspopup=\"dialog\"\n\t\t\tdata-wp-bind--aria-label=\"state.thisImage.triggerButtonAriaLabel\"\n\t\t\tdata-wp-init=\"callbacks.initTriggerButton\"\n\t\t\tdata-wp-on--click=\"actions.showLightbox\"\n\t\t\tdata-wp-style--right=\"state.thisImage.buttonRight\"\n\t\t\tdata-wp-style--top=\"state.thisImage.buttonTop\"\n\t\t>\n\t\t\t<svg xmlns=\"http:\/\/www.w3.org\/2000\/svg\" width=\"12\" height=\"12\" fill=\"none\" viewBox=\"0 0 12 12\">\n\t\t\t\t<path fill=\"#fff\" d=\"M2 0a2 2 0 0 0-2 2v2h1.5V2a.5.5 0 0 1 .5-.5h2V0H2Zm2 10.5H2a.5.5 0 0 1-.5-.5V8H0v2a2 2 0 0 0 2 2h2v-1.5ZM8 12v-1.5h2a.5.5 0 0 0 .5-.5V8H12v2a2 2 0 0 1-2 2H8Zm2-12a2 2 0 0 1 2 2v2h-1.5V2a.5.5 0 0 0-.5-.5H8V0h2Z\" \/>\n\t\t\t<\/svg>\n\t\t<\/button><\/figure>\n<\/div><\/div>\n\n\n\n<div><div class=\"wp-block-image\">\n<figure data-wp-context=\"{&quot;imageId&quot;:&quot;6a9d663a546b8&quot;}\" data-wp-interactive=\"core\/image\" data-wp-key=\"6a9d663a546b8\" class=\"aligncenter size-large wp-lightbox-container\"><img loading=\"lazy\" decoding=\"async\" width=\"1024\" height=\"683\" data-wp-class--hide=\"state.isContentHidden\" data-wp-class--show=\"state.isContentVisible\" data-wp-init=\"callbacks.setButtonStyles\" data-wp-on--click=\"actions.showLightbox\" data-wp-on--load=\"callbacks.setButtonStyles\" data-wp-on--pointerdown=\"actions.preloadImage\" data-wp-on--pointerenter=\"actions.preloadImageWithDelay\" data-wp-on--pointerleave=\"actions.cancelPreload\" data-wp-on-window--resize=\"callbacks.setButtonStyles\" src=\"https:\/\/esadvalencia.com\/wp-content\/uploads\/2021\/10\/acto-inaugural-2021-2022-02-1024x683.jpg\" alt=\"\" class=\"wp-image-23018\" srcset=\"https:\/\/esadvalencia.com\/wp-content\/uploads\/2021\/10\/acto-inaugural-2021-2022-02-1024x683.jpg 1024w, https:\/\/esadvalencia.com\/wp-content\/uploads\/2021\/10\/acto-inaugural-2021-2022-02-300x200.jpg 300w, https:\/\/esadvalencia.com\/wp-content\/uploads\/2021\/10\/acto-inaugural-2021-2022-02-768x512.jpg 768w, https:\/\/esadvalencia.com\/wp-content\/uploads\/2021\/10\/acto-inaugural-2021-2022-02.jpg 1200w\" sizes=\"auto, (max-width: 1024px) 100vw, 1024px\" \/><button\n\t\t\tclass=\"lightbox-trigger\"\n\t\t\ttype=\"button\"\n\t\t\taria-haspopup=\"dialog\"\n\t\t\tdata-wp-bind--aria-label=\"state.thisImage.triggerButtonAriaLabel\"\n\t\t\tdata-wp-init=\"callbacks.initTriggerButton\"\n\t\t\tdata-wp-on--click=\"actions.showLightbox\"\n\t\t\tdata-wp-style--right=\"state.thisImage.buttonRight\"\n\t\t\tdata-wp-style--top=\"state.thisImage.buttonTop\"\n\t\t>\n\t\t\t<svg xmlns=\"http:\/\/www.w3.org\/2000\/svg\" width=\"12\" height=\"12\" fill=\"none\" viewBox=\"0 0 12 12\">\n\t\t\t\t<path fill=\"#fff\" d=\"M2 0a2 2 0 0 0-2 2v2h1.5V2a.5.5 0 0 1 .5-.5h2V0H2Zm2 10.5H2a.5.5 0 0 1-.5-.5V8H0v2a2 2 0 0 0 2 2h2v-1.5ZM8 12v-1.5h2a.5.5 0 0 0 .5-.5V8H12v2a2 2 0 0 1-2 2H8Zm2-12a2 2 0 0 1 2 2v2h-1.5V2a.5.5 0 0 0-.5-.5H8V0h2Z\" \/>\n\t\t\t<\/svg>\n\t\t<\/button><\/figure>\n<\/div><\/div>\n\n\n\n<div><div class=\"wp-block-image\">\n<figure data-wp-context=\"{&quot;imageId&quot;:&quot;6a9d663a54f24&quot;}\" data-wp-interactive=\"core\/image\" data-wp-key=\"6a9d663a54f24\" class=\"aligncenter size-large wp-lightbox-container\"><img loading=\"lazy\" decoding=\"async\" width=\"1024\" height=\"683\" data-wp-class--hide=\"state.isContentHidden\" data-wp-class--show=\"state.isContentVisible\" data-wp-init=\"callbacks.setButtonStyles\" data-wp-on--click=\"actions.showLightbox\" data-wp-on--load=\"callbacks.setButtonStyles\" data-wp-on--pointerdown=\"actions.preloadImage\" data-wp-on--pointerenter=\"actions.preloadImageWithDelay\" data-wp-on--pointerleave=\"actions.cancelPreload\" data-wp-on-window--resize=\"callbacks.setButtonStyles\" src=\"https:\/\/esadvalencia.com\/wp-content\/uploads\/2021\/10\/acto-inaugural-2021-2022-03-1024x683.jpg\" alt=\"\" class=\"wp-image-23020\" srcset=\"https:\/\/esadvalencia.com\/wp-content\/uploads\/2021\/10\/acto-inaugural-2021-2022-03-1024x683.jpg 1024w, https:\/\/esadvalencia.com\/wp-content\/uploads\/2021\/10\/acto-inaugural-2021-2022-03-300x200.jpg 300w, https:\/\/esadvalencia.com\/wp-content\/uploads\/2021\/10\/acto-inaugural-2021-2022-03-768x512.jpg 768w, https:\/\/esadvalencia.com\/wp-content\/uploads\/2021\/10\/acto-inaugural-2021-2022-03.jpg 1200w\" sizes=\"auto, (max-width: 1024px) 100vw, 1024px\" \/><button\n\t\t\tclass=\"lightbox-trigger\"\n\t\t\ttype=\"button\"\n\t\t\taria-haspopup=\"dialog\"\n\t\t\tdata-wp-bind--aria-label=\"state.thisImage.triggerButtonAriaLabel\"\n\t\t\tdata-wp-init=\"callbacks.initTriggerButton\"\n\t\t\tdata-wp-on--click=\"actions.showLightbox\"\n\t\t\tdata-wp-style--right=\"state.thisImage.buttonRight\"\n\t\t\tdata-wp-style--top=\"state.thisImage.buttonTop\"\n\t\t>\n\t\t\t<svg xmlns=\"http:\/\/www.w3.org\/2000\/svg\" width=\"12\" height=\"12\" fill=\"none\" viewBox=\"0 0 12 12\">\n\t\t\t\t<path fill=\"#fff\" d=\"M2 0a2 2 0 0 0-2 2v2h1.5V2a.5.5 0 0 1 .5-.5h2V0H2Zm2 10.5H2a.5.5 0 0 1-.5-.5V8H0v2a2 2 0 0 0 2 2h2v-1.5ZM8 12v-1.5h2a.5.5 0 0 0 .5-.5V8H12v2a2 2 0 0 1-2 2H8Zm2-12a2 2 0 0 1 2 2v2h-1.5V2a.5.5 0 0 0-.5-.5H8V0h2Z\" \/>\n\t\t\t<\/svg>\n\t\t<\/button><\/figure>\n<\/div><\/div>\n\n\n\n<div><div class=\"wp-block-image\">\n<figure data-wp-context=\"{&quot;imageId&quot;:&quot;6a9d663a5564a&quot;}\" data-wp-interactive=\"core\/image\" data-wp-key=\"6a9d663a5564a\" class=\"aligncenter size-large wp-lightbox-container\"><img loading=\"lazy\" decoding=\"async\" width=\"1024\" height=\"683\" data-wp-class--hide=\"state.isContentHidden\" data-wp-class--show=\"state.isContentVisible\" data-wp-init=\"callbacks.setButtonStyles\" data-wp-on--click=\"actions.showLightbox\" data-wp-on--load=\"callbacks.setButtonStyles\" data-wp-on--pointerdown=\"actions.preloadImage\" data-wp-on--pointerenter=\"actions.preloadImageWithDelay\" data-wp-on--pointerleave=\"actions.cancelPreload\" data-wp-on-window--resize=\"callbacks.setButtonStyles\" src=\"https:\/\/esadvalencia.com\/wp-content\/uploads\/2021\/10\/acto-inaugural-2021-2022-04-1024x683.jpg\" alt=\"\" class=\"wp-image-23022\" srcset=\"https:\/\/esadvalencia.com\/wp-content\/uploads\/2021\/10\/acto-inaugural-2021-2022-04-1024x683.jpg 1024w, https:\/\/esadvalencia.com\/wp-content\/uploads\/2021\/10\/acto-inaugural-2021-2022-04-300x200.jpg 300w, https:\/\/esadvalencia.com\/wp-content\/uploads\/2021\/10\/acto-inaugural-2021-2022-04-768x512.jpg 768w, https:\/\/esadvalencia.com\/wp-content\/uploads\/2021\/10\/acto-inaugural-2021-2022-04.jpg 1200w\" sizes=\"auto, (max-width: 1024px) 100vw, 1024px\" \/><button\n\t\t\tclass=\"lightbox-trigger\"\n\t\t\ttype=\"button\"\n\t\t\taria-haspopup=\"dialog\"\n\t\t\tdata-wp-bind--aria-label=\"state.thisImage.triggerButtonAriaLabel\"\n\t\t\tdata-wp-init=\"callbacks.initTriggerButton\"\n\t\t\tdata-wp-on--click=\"actions.showLightbox\"\n\t\t\tdata-wp-style--right=\"state.thisImage.buttonRight\"\n\t\t\tdata-wp-style--top=\"state.thisImage.buttonTop\"\n\t\t>\n\t\t\t<svg xmlns=\"http:\/\/www.w3.org\/2000\/svg\" width=\"12\" height=\"12\" fill=\"none\" viewBox=\"0 0 12 12\">\n\t\t\t\t<path fill=\"#fff\" d=\"M2 0a2 2 0 0 0-2 2v2h1.5V2a.5.5 0 0 1 .5-.5h2V0H2Zm2 10.5H2a.5.5 0 0 1-.5-.5V8H0v2a2 2 0 0 0 2 2h2v-1.5ZM8 12v-1.5h2a.5.5 0 0 0 .5-.5V8H12v2a2 2 0 0 1-2 2H8Zm2-12a2 2 0 0 1 2 2v2h-1.5V2a.5.5 0 0 0-.5-.5H8V0h2Z\" \/>\n\t\t\t<\/svg>\n\t\t<\/button><\/figure>\n<\/div><\/div>\n\n\n\n<div><div class=\"wp-block-image\">\n<figure data-wp-context=\"{&quot;imageId&quot;:&quot;6a9d663a55d83&quot;}\" data-wp-interactive=\"core\/image\" data-wp-key=\"6a9d663a55d83\" class=\"aligncenter size-large wp-lightbox-container\"><img loading=\"lazy\" decoding=\"async\" width=\"1024\" height=\"685\" data-wp-class--hide=\"state.isContentHidden\" data-wp-class--show=\"state.isContentVisible\" data-wp-init=\"callbacks.setButtonStyles\" data-wp-on--click=\"actions.showLightbox\" data-wp-on--load=\"callbacks.setButtonStyles\" data-wp-on--pointerdown=\"actions.preloadImage\" data-wp-on--pointerenter=\"actions.preloadImageWithDelay\" data-wp-on--pointerleave=\"actions.cancelPreload\" data-wp-on-window--resize=\"callbacks.setButtonStyles\" src=\"https:\/\/esadvalencia.com\/wp-content\/uploads\/2021\/10\/acto-inaugural-2021-2022-05-1024x685.jpg\" alt=\"\" class=\"wp-image-23024\" srcset=\"https:\/\/esadvalencia.com\/wp-content\/uploads\/2021\/10\/acto-inaugural-2021-2022-05-1024x685.jpg 1024w, https:\/\/esadvalencia.com\/wp-content\/uploads\/2021\/10\/acto-inaugural-2021-2022-05-300x201.jpg 300w, https:\/\/esadvalencia.com\/wp-content\/uploads\/2021\/10\/acto-inaugural-2021-2022-05-768x514.jpg 768w, https:\/\/esadvalencia.com\/wp-content\/uploads\/2021\/10\/acto-inaugural-2021-2022-05.jpg 1200w\" sizes=\"auto, (max-width: 1024px) 100vw, 1024px\" \/><button\n\t\t\tclass=\"lightbox-trigger\"\n\t\t\ttype=\"button\"\n\t\t\taria-haspopup=\"dialog\"\n\t\t\tdata-wp-bind--aria-label=\"state.thisImage.triggerButtonAriaLabel\"\n\t\t\tdata-wp-init=\"callbacks.initTriggerButton\"\n\t\t\tdata-wp-on--click=\"actions.showLightbox\"\n\t\t\tdata-wp-style--right=\"state.thisImage.buttonRight\"\n\t\t\tdata-wp-style--top=\"state.thisImage.buttonTop\"\n\t\t>\n\t\t\t<svg xmlns=\"http:\/\/www.w3.org\/2000\/svg\" width=\"12\" height=\"12\" fill=\"none\" viewBox=\"0 0 12 12\">\n\t\t\t\t<path fill=\"#fff\" d=\"M2 0a2 2 0 0 0-2 2v2h1.5V2a.5.5 0 0 1 .5-.5h2V0H2Zm2 10.5H2a.5.5 0 0 1-.5-.5V8H0v2a2 2 0 0 0 2 2h2v-1.5ZM8 12v-1.5h2a.5.5 0 0 0 .5-.5V8H12v2a2 2 0 0 1-2 2H8Zm2-12a2 2 0 0 1 2 2v2h-1.5V2a.5.5 0 0 0-.5-.5H8V0h2Z\" \/>\n\t\t\t<\/svg>\n\t\t<\/button><\/figure>\n<\/div><\/div>\n\n\n\n<div><div class=\"wp-block-image\">\n<figure data-wp-context=\"{&quot;imageId&quot;:&quot;6a9d663a563bf&quot;}\" data-wp-interactive=\"core\/image\" data-wp-key=\"6a9d663a563bf\" class=\"aligncenter size-large wp-lightbox-container\"><img loading=\"lazy\" decoding=\"async\" width=\"1024\" height=\"683\" data-wp-class--hide=\"state.isContentHidden\" data-wp-class--show=\"state.isContentVisible\" data-wp-init=\"callbacks.setButtonStyles\" data-wp-on--click=\"actions.showLightbox\" data-wp-on--load=\"callbacks.setButtonStyles\" data-wp-on--pointerdown=\"actions.preloadImage\" data-wp-on--pointerenter=\"actions.preloadImageWithDelay\" data-wp-on--pointerleave=\"actions.cancelPreload\" data-wp-on-window--resize=\"callbacks.setButtonStyles\" src=\"https:\/\/esadvalencia.com\/wp-content\/uploads\/2021\/10\/acto-inaugural-2021-2022-06-1024x683.jpg\" alt=\"\" class=\"wp-image-23026\" srcset=\"https:\/\/esadvalencia.com\/wp-content\/uploads\/2021\/10\/acto-inaugural-2021-2022-06-1024x683.jpg 1024w, https:\/\/esadvalencia.com\/wp-content\/uploads\/2021\/10\/acto-inaugural-2021-2022-06-300x200.jpg 300w, https:\/\/esadvalencia.com\/wp-content\/uploads\/2021\/10\/acto-inaugural-2021-2022-06-768x512.jpg 768w, https:\/\/esadvalencia.com\/wp-content\/uploads\/2021\/10\/acto-inaugural-2021-2022-06.jpg 1200w\" sizes=\"auto, (max-width: 1024px) 100vw, 1024px\" \/><button\n\t\t\tclass=\"lightbox-trigger\"\n\t\t\ttype=\"button\"\n\t\t\taria-haspopup=\"dialog\"\n\t\t\tdata-wp-bind--aria-label=\"state.thisImage.triggerButtonAriaLabel\"\n\t\t\tdata-wp-init=\"callbacks.initTriggerButton\"\n\t\t\tdata-wp-on--click=\"actions.showLightbox\"\n\t\t\tdata-wp-style--right=\"state.thisImage.buttonRight\"\n\t\t\tdata-wp-style--top=\"state.thisImage.buttonTop\"\n\t\t>\n\t\t\t<svg xmlns=\"http:\/\/www.w3.org\/2000\/svg\" width=\"12\" height=\"12\" fill=\"none\" viewBox=\"0 0 12 12\">\n\t\t\t\t<path fill=\"#fff\" d=\"M2 0a2 2 0 0 0-2 2v2h1.5V2a.5.5 0 0 1 .5-.5h2V0H2Zm2 10.5H2a.5.5 0 0 1-.5-.5V8H0v2a2 2 0 0 0 2 2h2v-1.5ZM8 12v-1.5h2a.5.5 0 0 0 .5-.5V8H12v2a2 2 0 0 1-2 2H8Zm2-12a2 2 0 0 1 2 2v2h-1.5V2a.5.5 0 0 0-.5-.5H8V0h2Z\" \/>\n\t\t\t<\/svg>\n\t\t<\/button><\/figure>\n<\/div><\/div>\n\n\n\n<div><div class=\"wp-block-image\">\n<figure data-wp-context=\"{&quot;imageId&quot;:&quot;6a9d663a56edb&quot;}\" data-wp-interactive=\"core\/image\" data-wp-key=\"6a9d663a56edb\" class=\"aligncenter size-large wp-lightbox-container\"><img loading=\"lazy\" decoding=\"async\" width=\"1024\" height=\"683\" data-wp-class--hide=\"state.isContentHidden\" data-wp-class--show=\"state.isContentVisible\" data-wp-init=\"callbacks.setButtonStyles\" data-wp-on--click=\"actions.showLightbox\" data-wp-on--load=\"callbacks.setButtonStyles\" data-wp-on--pointerdown=\"actions.preloadImage\" data-wp-on--pointerenter=\"actions.preloadImageWithDelay\" data-wp-on--pointerleave=\"actions.cancelPreload\" data-wp-on-window--resize=\"callbacks.setButtonStyles\" src=\"https:\/\/esadvalencia.com\/wp-content\/uploads\/2021\/10\/acto-inaugural-2021-2022-07-1024x683.jpg\" alt=\"\" class=\"wp-image-23028\" srcset=\"https:\/\/esadvalencia.com\/wp-content\/uploads\/2021\/10\/acto-inaugural-2021-2022-07-1024x683.jpg 1024w, https:\/\/esadvalencia.com\/wp-content\/uploads\/2021\/10\/acto-inaugural-2021-2022-07-300x200.jpg 300w, https:\/\/esadvalencia.com\/wp-content\/uploads\/2021\/10\/acto-inaugural-2021-2022-07-768x512.jpg 768w, https:\/\/esadvalencia.com\/wp-content\/uploads\/2021\/10\/acto-inaugural-2021-2022-07.jpg 1200w\" sizes=\"auto, (max-width: 1024px) 100vw, 1024px\" \/><button\n\t\t\tclass=\"lightbox-trigger\"\n\t\t\ttype=\"button\"\n\t\t\taria-haspopup=\"dialog\"\n\t\t\tdata-wp-bind--aria-label=\"state.thisImage.triggerButtonAriaLabel\"\n\t\t\tdata-wp-init=\"callbacks.initTriggerButton\"\n\t\t\tdata-wp-on--click=\"actions.showLightbox\"\n\t\t\tdata-wp-style--right=\"state.thisImage.buttonRight\"\n\t\t\tdata-wp-style--top=\"state.thisImage.buttonTop\"\n\t\t>\n\t\t\t<svg xmlns=\"http:\/\/www.w3.org\/2000\/svg\" width=\"12\" height=\"12\" fill=\"none\" viewBox=\"0 0 12 12\">\n\t\t\t\t<path fill=\"#fff\" d=\"M2 0a2 2 0 0 0-2 2v2h1.5V2a.5.5 0 0 1 .5-.5h2V0H2Zm2 10.5H2a.5.5 0 0 1-.5-.5V8H0v2a2 2 0 0 0 2 2h2v-1.5ZM8 12v-1.5h2a.5.5 0 0 0 .5-.5V8H12v2a2 2 0 0 1-2 2H8Zm2-12a2 2 0 0 1 2 2v2h-1.5V2a.5.5 0 0 0-.5-.5H8V0h2Z\" \/>\n\t\t\t<\/svg>\n\t\t<\/button><\/figure>\n<\/div><\/div>\n\n\n\n<div><div class=\"wp-block-image\">\n<figure data-wp-context=\"{&quot;imageId&quot;:&quot;6a9d663a579a7&quot;}\" data-wp-interactive=\"core\/image\" data-wp-key=\"6a9d663a579a7\" class=\"aligncenter size-large wp-lightbox-container\"><img loading=\"lazy\" decoding=\"async\" width=\"1024\" height=\"683\" data-wp-class--hide=\"state.isContentHidden\" data-wp-class--show=\"state.isContentVisible\" data-wp-init=\"callbacks.setButtonStyles\" data-wp-on--click=\"actions.showLightbox\" data-wp-on--load=\"callbacks.setButtonStyles\" data-wp-on--pointerdown=\"actions.preloadImage\" data-wp-on--pointerenter=\"actions.preloadImageWithDelay\" data-wp-on--pointerleave=\"actions.cancelPreload\" data-wp-on-window--resize=\"callbacks.setButtonStyles\" src=\"https:\/\/esadvalencia.com\/wp-content\/uploads\/2021\/10\/acto-inaugural-2021-2022-08-1024x683.jpg\" alt=\"\" class=\"wp-image-23030\" srcset=\"https:\/\/esadvalencia.com\/wp-content\/uploads\/2021\/10\/acto-inaugural-2021-2022-08-1024x683.jpg 1024w, https:\/\/esadvalencia.com\/wp-content\/uploads\/2021\/10\/acto-inaugural-2021-2022-08-300x200.jpg 300w, https:\/\/esadvalencia.com\/wp-content\/uploads\/2021\/10\/acto-inaugural-2021-2022-08-768x512.jpg 768w, https:\/\/esadvalencia.com\/wp-content\/uploads\/2021\/10\/acto-inaugural-2021-2022-08.jpg 1200w\" sizes=\"auto, (max-width: 1024px) 100vw, 1024px\" \/><button\n\t\t\tclass=\"lightbox-trigger\"\n\t\t\ttype=\"button\"\n\t\t\taria-haspopup=\"dialog\"\n\t\t\tdata-wp-bind--aria-label=\"state.thisImage.triggerButtonAriaLabel\"\n\t\t\tdata-wp-init=\"callbacks.initTriggerButton\"\n\t\t\tdata-wp-on--click=\"actions.showLightbox\"\n\t\t\tdata-wp-style--right=\"state.thisImage.buttonRight\"\n\t\t\tdata-wp-style--top=\"state.thisImage.buttonTop\"\n\t\t>\n\t\t\t<svg xmlns=\"http:\/\/www.w3.org\/2000\/svg\" width=\"12\" height=\"12\" fill=\"none\" viewBox=\"0 0 12 12\">\n\t\t\t\t<path fill=\"#fff\" d=\"M2 0a2 2 0 0 0-2 2v2h1.5V2a.5.5 0 0 1 .5-.5h2V0H2Zm2 10.5H2a.5.5 0 0 1-.5-.5V8H0v2a2 2 0 0 0 2 2h2v-1.5ZM8 12v-1.5h2a.5.5 0 0 0 .5-.5V8H12v2a2 2 0 0 1-2 2H8Zm2-12a2 2 0 0 1 2 2v2h-1.5V2a.5.5 0 0 0-.5-.5H8V0h2Z\" \/>\n\t\t\t<\/svg>\n\t\t<\/button><\/figure>\n<\/div><\/div>\n\n\n\n<div><div class=\"wp-block-image\">\n<figure data-wp-context=\"{&quot;imageId&quot;:&quot;6a9d663a582ae&quot;}\" data-wp-interactive=\"core\/image\" data-wp-key=\"6a9d663a582ae\" class=\"aligncenter size-large wp-lightbox-container\"><img loading=\"lazy\" decoding=\"async\" width=\"1024\" height=\"685\" data-wp-class--hide=\"state.isContentHidden\" data-wp-class--show=\"state.isContentVisible\" data-wp-init=\"callbacks.setButtonStyles\" data-wp-on--click=\"actions.showLightbox\" data-wp-on--load=\"callbacks.setButtonStyles\" data-wp-on--pointerdown=\"actions.preloadImage\" data-wp-on--pointerenter=\"actions.preloadImageWithDelay\" data-wp-on--pointerleave=\"actions.cancelPreload\" data-wp-on-window--resize=\"callbacks.setButtonStyles\" src=\"https:\/\/esadvalencia.com\/wp-content\/uploads\/2021\/10\/acto-inaugural-2021-2022-09-1024x685.jpg\" alt=\"\" class=\"wp-image-23032\" srcset=\"https:\/\/esadvalencia.com\/wp-content\/uploads\/2021\/10\/acto-inaugural-2021-2022-09-1024x685.jpg 1024w, https:\/\/esadvalencia.com\/wp-content\/uploads\/2021\/10\/acto-inaugural-2021-2022-09-300x201.jpg 300w, https:\/\/esadvalencia.com\/wp-content\/uploads\/2021\/10\/acto-inaugural-2021-2022-09-768x514.jpg 768w, https:\/\/esadvalencia.com\/wp-content\/uploads\/2021\/10\/acto-inaugural-2021-2022-09.jpg 1200w\" sizes=\"auto, (max-width: 1024px) 100vw, 1024px\" \/><button\n\t\t\tclass=\"lightbox-trigger\"\n\t\t\ttype=\"button\"\n\t\t\taria-haspopup=\"dialog\"\n\t\t\tdata-wp-bind--aria-label=\"state.thisImage.triggerButtonAriaLabel\"\n\t\t\tdata-wp-init=\"callbacks.initTriggerButton\"\n\t\t\tdata-wp-on--click=\"actions.showLightbox\"\n\t\t\tdata-wp-style--right=\"state.thisImage.buttonRight\"\n\t\t\tdata-wp-style--top=\"state.thisImage.buttonTop\"\n\t\t>\n\t\t\t<svg xmlns=\"http:\/\/www.w3.org\/2000\/svg\" width=\"12\" height=\"12\" fill=\"none\" viewBox=\"0 0 12 12\">\n\t\t\t\t<path fill=\"#fff\" d=\"M2 0a2 2 0 0 0-2 2v2h1.5V2a.5.5 0 0 1 .5-.5h2V0H2Zm2 10.5H2a.5.5 0 0 1-.5-.5V8H0v2a2 2 0 0 0 2 2h2v-1.5ZM8 12v-1.5h2a.5.5 0 0 0 .5-.5V8H12v2a2 2 0 0 1-2 2H8Zm2-12a2 2 0 0 1 2 2v2h-1.5V2a.5.5 0 0 0-.5-.5H8V0h2Z\" \/>\n\t\t\t<\/svg>\n\t\t<\/button><\/figure>\n<\/div><\/div>\n<\/div>\n","protected":false},"excerpt":{"rendered":"<p>7 d\u2019octubre a les 13:30 a l\u2019auditori Alfons Roig BBAA UPV Lli\u00e7\u00f3 Magistral a c\u00e0rrec de D. Rodolf Sirera. Amb la pres\u00e8ncia de la Directora general del ISEACV D\u00aa Inmaculada S\u00e1nchez, la Vicerectora d&#8217;Art, Ci\u00e8ncia, Tecnologia i Societat D\u00aa Salom\u00e9 Cuesta, l&#8217;equip directiu de la ESADV, la Directora i Cap d&#8217;estudis de la EASD D\u00aa &#8230; <a title=\"ACTE D\u2019INAUGURACI\u00d3 CURS 21-22\" class=\"read-more\" href=\"https:\/\/esadvalencia.com\/ca\/acte-dinauguracio-curs-21-22\/\" aria-label=\"M\u00e9s informaci\u00f3 sobre ACTE D\u2019INAUGURACI\u00d3 CURS 21-22\">Read more<\/a><\/p>\n","protected":false},"author":2,"featured_media":14324,"comment_status":"closed","ping_status":"closed","sticky":false,"template":"","format":"standard","meta":{"_acf_changed":false,"ngg_post_thumbnail":0,"slim_seo":{"title":"ACTE D\u2019INAUGURACI\u00d3 CURS 21-22 - ESAD - Escuela Superior de Arte Dram\u00e1tico de Valencia","description":"7 d\u2019octubre a les 13:30 a l\u2019auditori Alfons Roig BBAA UPV Lli\u00e7\u00f3 Magistral a c\u00e0rrec de D. Rodolf Sirera. Amb la pres\u00e8ncia de la Directora general del ISEACV D\u00aa I"},"footnotes":""},"categories":[40],"tags":[],"class_list":["post-15443","post","type-post","status-publish","format-standard","has-post-thumbnail","hentry","category-noticies","generate-columns","tablet-grid-50","mobile-grid-100","grid-parent","grid-33"],"acf":[],"_links":{"self":[{"href":"https:\/\/esadvalencia.com\/ca\/wp-json\/wp\/v2\/posts\/15443","targetHints":{"allow":["GET"]}}],"collection":[{"href":"https:\/\/esadvalencia.com\/ca\/wp-json\/wp\/v2\/posts"}],"about":[{"href":"https:\/\/esadvalencia.com\/ca\/wp-json\/wp\/v2\/types\/post"}],"author":[{"embeddable":true,"href":"https:\/\/esadvalencia.com\/ca\/wp-json\/wp\/v2\/users\/2"}],"replies":[{"embeddable":true,"href":"https:\/\/esadvalencia.com\/ca\/wp-json\/wp\/v2\/comments?post=15443"}],"version-history":[{"count":2,"href":"https:\/\/esadvalencia.com\/ca\/wp-json\/wp\/v2\/posts\/15443\/revisions"}],"predecessor-version":[{"id":23035,"href":"https:\/\/esadvalencia.com\/ca\/wp-json\/wp\/v2\/posts\/15443\/revisions\/23035"}],"wp:featuredmedia":[{"embeddable":true,"href":"https:\/\/esadvalencia.com\/ca\/wp-json\/wp\/v2\/media\/14324"}],"wp:attachment":[{"href":"https:\/\/esadvalencia.com\/ca\/wp-json\/wp\/v2\/media?parent=15443"}],"wp:term":[{"taxonomy":"category","embeddable":true,"href":"https:\/\/esadvalencia.com\/ca\/wp-json\/wp\/v2\/categories?post=15443"},{"taxonomy":"post_tag","embeddable":true,"href":"https:\/\/esadvalencia.com\/ca\/wp-json\/wp\/v2\/tags?post=15443"}],"curies":[{"name":"wp","href":"https:\/\/api.w.org\/{rel}","templated":true}]}}